{"id":4047,"count":15,"description":"<div class=\"fa-page\"><section class=\"fa-section fa-section--soft\">\r\n<div class=\"fa-wrap\">\r\n<h2>Geburtstagsbanner online gestalten \u2013 schnell personalisiert<\/h2>\r\nIn dieser Kategorie findest du personalisierbare <strong>Geburtstagsbanner<\/strong>, die du direkt im\r\n<strong>Online-Designer<\/strong> gestalten kannst. Je nach Vorlage f\u00fcgst du Name, Alter, Datum, Wunschtext\r\nund optional Fotos ein \u2013 ideal f\u00fcr \u00dcberraschungen, runde Geburtstage und Feiern im Garten oder Zuhause.\r\n<div class=\"fa-grid fa-grid--3 fa-mt-24\">\r\n<div class=\"fa-box\">\r\n<h3>F\u00fcr wen ist das?<\/h3>\r\n<p class=\"fa-muted\">F\u00fcr Familie, Freunde, Vereine oder Kollegen \u2013 wenn es schnell gehen soll und trotzdem pers\u00f6nlich wirken muss.<\/p>\r\n\r\n<\/div>\r\n<div class=\"fa-box\">\r\n<h3>Was kann ich \u00e4ndern?<\/h3>\r\n<p class=\"fa-muted\">In den meisten Designs: Name, Alter, Spruch\/Wunschtext \u2013 bei vielen Motiven zus\u00e4tzlich Foto oder Foto-Collage.<\/p>\r\n\r\n<\/div>\r\n<div class=\"fa-box\">\r\n<h3>Worauf achten?<\/h3>\r\n<p class=\"fa-muted\">Kurze Texte sind besser lesbar. F\u00fcr Fotos: hell, scharf, nicht zu klein \u2013 dann wirkt das Banner richtig stark.<\/p>\r\n\r\n<\/div>\r\n<\/div>\r\n<\/div>\r\n<\/section><section class=\"fa-section\">\r\n<div class=\"fa-wrap\">\r\n<h2>Tipps f\u00fcr ein Banner, das aus der Entfernung wirkt<\/h2>\r\n<div class=\"fa-steps fa-mt-24\">\r\n<div class=\"fa-step\">\r\n<div class=\"fa-step__nr\">1<\/div>\r\n<div>\r\n<div class=\"fa-step__title\">Text kurz halten<\/div>\r\nEin klarer Name + Alter + kurzer Spruch ist drau\u00dfen deutlich besser lesbar als lange S\u00e4tze.\r\n\r\n<\/div>\r\n<\/div>\r\n<div class=\"fa-step\">\r\n<div class=\"fa-step__nr\">2<\/div>\r\n<div>\r\n<div class=\"fa-step__title\">Fotoqualit\u00e4t entscheidet<\/div>\r\nWenn du Fotos nutzt: lieber ein gutes Hauptfoto als viele kleine. Helle Bilder wirken auf Bannern am besten.\r\n\r\n<\/div>\r\n<\/div>\r\n<div class=\"fa-step\">\r\n<div class=\"fa-step__nr\">3<\/div>\r\n<div>\r\n<div class=\"fa-step__title\">Aufh\u00e4ngung mitdenken<\/div>\r\nPlane ein, wo das Banner h\u00e4ngen soll (Zaun, Carport, Wand) \u2013 je nach Produkt sind \u00d6sen\/Verarbeitung entscheidend.\r\n\r\n<\/div>\r\n<\/div>\r\n<\/div>\r\n<div class=\"fa-tip fa-mt-24\">\r\n<div>\r\n\r\n<strong>Mini-Idee:<\/strong>\r\n<p class=\"fa-mt-16\">Kombiniere das Banner mit 2\u20133 Farbakzenten (Ballons, Girlanden) passend zum Design \u2013 das macht sofort \u201eEvent-Look\u201c.<\/p>\r\n\r\n<\/div>\r\n<\/div>\r\n<\/div>\r\n<\/section><section class=\"fa-section fa-section--soft\">\r\n<div class=\"fa-wrap\">\r\n<h2>H\u00e4ufige Fragen<\/h2>\r\n<div class=\"fa-faq fa-mt-24\"><details class=\"fa-faq__item\"><summary>Welche Fotos eignen sich am besten?<\/summary>\r\n<div class=\"fa-faq__content\">\r\n\r\nHelle, scharfe Bilder ohne starke Unsch\u00e4rfe. Wenn das Motiv im Foto klein ist, lieber ein n\u00e4her aufgenommenes Bild w\u00e4hlen.\r\n\r\n<\/div>\r\n<\/details><details class=\"fa-faq__item\"><summary>Kann ich mehrere Bilder nutzen?<\/summary>\r\n<div class=\"fa-faq__content\">\r\n\r\nJa \u2013 Collagen funktionieren super. F\u00fcr eine ruhige Optik am besten 1\u20132 Hauptbilder statt vieler Mini-Fotos.\r\n\r\n<\/div>\r\n<\/details><details class=\"fa-faq__item\"><summary>Ist das Banner f\u00fcr drau\u00dfen geeignet?<\/summary>\r\n<div class=\"fa-faq__content\">\r\n\r\nViele Banner sind outdoor-tauglich \u2013 ma\u00dfgeblich sind Material und Verarbeitung im jeweiligen Produkt. Bitte die Artikelbeschreibung beachten.\r\n\r\n<\/div>\r\n<\/details><details class=\"fa-faq__item\"><summary>Ich bin unsicher beim Layout \u2013 was tun?<\/summary>\r\n<div class=\"fa-faq__content\">\r\n\r\nAls Faustregel: gro\u00dfe Schrift, kurze Zeilen, klare Kontraste. Wenn du willst, kann ich dir auch Textideen passend zu einem Motiv vorschlagen.\r\n\r\n<\/div>\r\n<\/details><\/div>\r\n<p class=\"fa-muted fa-mt-24\">Hinweis: Die konkreten Optionen (Gr\u00f6\u00dfe\/Material\/\u00d6sen\/Lieferzeit) findest du jeweils direkt beim gew\u00e4hlten Banner.<\/p>\r\n\r\n<\/div>\r\n<\/section><\/div>","link":"https:\/\/www.folien-arbeiter.de\/blog\/produkt-kategorie\/online-designer\/geburtstag-banner-online-gestalten\/","name":"Geburtstagsbanner","slug":"geburtstag-banner-online-gestalten","taxonomy":"product_cat","parent":210,"meta":[],"menu_order":0,"_links":{"self":[{"href":"https:\/\/www.folien-arbeiter.de\/blog\/wp-json\/wp\/v2\/product_cat\/4047","targetHints":{"allow":["GET"]}}],"collection":[{"href":"https:\/\/www.folien-arbeiter.de\/blog\/wp-json\/wp\/v2\/product_cat"}],"about":[{"href":"https:\/\/www.folien-arbeiter.de\/blog\/wp-json\/wp\/v2\/taxonomies\/product_cat"}],"up":[{"embeddable":true,"href":"https:\/\/www.folien-arbeiter.de\/blog\/wp-json\/wp\/v2\/product_cat\/210"}],"wp:post_type":[{"href":"https:\/\/www.folien-arbeiter.de\/blog\/wp-json\/wp\/v2\/product?product_cat=4047"}],"curies":[{"name":"wp","href":"https:\/\/api.w.org\/{rel}","templated":true}]}}