{"id":12580,"date":"2018-11-17T08:16:30","date_gmt":"2018-11-17T07:16:30","guid":{"rendered":"https:\/\/www.folien-arbeiter.de\/blog\/?p=12580"},"modified":"2025-08-04T07:10:10","modified_gmt":"2025-08-04T05:10:10","slug":"schaufensterbeschriftung-planen-und-gestalten","status":"publish","type":"post","link":"https:\/\/www.folien-arbeiter.de\/blog\/schaufensterbeschriftung-planen-und-gestalten\/","title":{"rendered":"Schaufensterbeschriftung planen und gestalten"},"content":{"rendered":"\n<p>Die Planung: mit Zollstock Bleistift und Block&nbsp; <span style=\"font-size: 10pt;\">ran ans Werk<\/span><\/p>\n\n\n\n<h2 class=\"wp-block-heading\">Wie plane ich eine Schaufensterbeschriftung<\/h2>\n\n\n\n<h3 class=\"wp-block-heading\">Variante I <span class=\"error misspelling\" title=\"M\u00f6glicher Rechtschreibfehler gefunden\" data-type=\"misspelling\" data-suggestions=\"[{&quot;value&quot;:&quot;Von&quot;},{&quot;value&quot;:&quot;Der&quot;},{&quot;value&quot;:&quot;So&quot;},{&quot;value&quot;:&quot;Die&quot;},{&quot;value&quot;:&quot;Vom&quot;},{&quot;value&quot;:&quot;Den&quot;},{&quot;value&quot;:&quot;Vor&quot;}]\" data-rule=\"GERMAN_SPELLER_RULE\" data-word=\"Do\">Do-it-yourself<\/span>   (DIY) mach es dir selbst!<\/h3>\n\n\n\n<p>Zun\u00e4chst messe ich die Schaufenster, aus die sp\u00e4ter beschriftet werden sollen. Nun mache ich mir eine Skizze, dabei werden die Fensterelemente, T\u00fcre und Oberlichter mit ausgemessen. <\/p>\n\n\n\n<p>Detaillierter das Aufma\u00df des Schaufensters, desto besser kann man planen. P.S. es muss kein Kunstwerk sein, eine einfache Skizze auf einem Karo Block reicht vollkommen aus.<\/p>\n\n\n\n<h3 class=\"wp-block-heading\">Variante II hole dir eine professionelle Unterst\u00fctzung.<\/h3>\n\n\n\n<div class=\"wp-block-columns is-layout-flex wp-container-core-columns-is-layout-9d6595d7 wp-block-columns-is-layout-flex\">\n<div class=\"wp-block-column is-layout-flow wp-block-column-is-layout-flow\">\n<figure class=\"wp-block-image size-large\"><a href=\"https:\/\/www.folien-arbeiter.de\/blog\/wp-content\/uploads\/2018\/11\/girl-1192032_640.jpg\"><img loading=\"lazy\" decoding=\"async\" width=\"640\" height=\"426\" src=\"https:\/\/www.folien-arbeiter.de\/blog\/wp-content\/themes\/woodmart\/images\/lazy.svg\" data-src=\"https:\/\/www.folien-arbeiter.de\/blog\/wp-content\/uploads\/2018\/11\/girl-1192032_640.jpg\" alt=\"\" class=\" wd-lazy-fade wp-image-15766\" title=\"\" srcset=\"\" data-srcset=\"https:\/\/www.folien-arbeiter.de\/blog\/wp-content\/uploads\/2018\/11\/girl-1192032_640.jpg 640w, https:\/\/www.folien-arbeiter.de\/blog\/wp-content\/uploads\/2018\/11\/girl-1192032_640-500x333.jpg 500w, https:\/\/www.folien-arbeiter.de\/blog\/wp-content\/uploads\/2018\/11\/girl-1192032_640-150x100.jpg 150w, https:\/\/www.folien-arbeiter.de\/blog\/wp-content\/uploads\/2018\/11\/girl-1192032_640-300x200.jpg 300w\" sizes=\"auto, (max-width: 640px) 100vw, 640px\" \/><\/a><\/figure>\n<\/div>\n\n\n\n<div class=\"wp-block-column is-layout-flow wp-block-column-is-layout-flow\">\n<p style=\"font-size:22px\"><strong>Mache ein Foto von deinem Schaufenste<\/strong>r m\u00f6glichst frontal im rechten Winkel. Messe das l\u00e4ngste Element breit X H\u00f6he dieses Foto schickst du uns dann zu. Scheibe die Ma\u00dfe einfach in der E-Mail dazu eine kurze Beschreibung das du machst und eventuell die Dinge, die du auf dem Schaufenster haben m\u00f6chtest. Wir werden dir dann einen Entwurf und ein Angebot kostenlos zusenden.<\/p>\n<\/div>\n<\/div>\n\n\n\n<div class=\"wp-block-columns alignwide is-layout-flex wp-container-core-columns-is-layout-9d6595d7 wp-block-columns-is-layout-flex\">\n<div class=\"wp-block-column is-vertically-aligned-center is-layout-flow wp-block-column-is-layout-flow\" style=\"flex-basis:100%\"><\/div>\n<\/div>\n\n\n\n<h3 class=\"wp-block-heading\">Schaufensterbeschriftung planen und gestalten &#8211; wichtige Tipps<\/h3>\n\n\n\n<p>Eine ansprechende Schaufensterbeschriftung zieht die Blicke von Kunden und Interessenten auf sich. Sie verleitet zum Stehen bleiben und zum Betrachten der Auslage. Viele Interessenten entscheiden sich, das Ladengesch\u00e4ft zu betreten und sich die Produkte n\u00e4her anzuschauen. Wenn der Laden geschlossen ist, bietet die Schaufensterbeschriftung wichtige Informationen zum Unternehmen. Du kannst eine interessante Schaufensterbeschriftung leicht selbst gestalten und immer wieder ver\u00e4ndern.<\/p>\n\n\n\n<h3 class=\"wp-block-heading\">Schaufensterbeschriftung als Werbema\u00dfnahme f\u00fcr H\u00e4ndler und Dienstleister<\/h3>\n\n\n\n<p>Der klassische Schaufensterbummel verliert derzeit aufgrund des Online-Handels immer mehr an Gewicht. Dies wirst du vor allem dann merken, wenn sich dein Ladengesch\u00e4ft etwas au\u00dferhalb der City oder in einer eher ruhigen Nebenstra\u00dfe befindet. Es ist wichtig, dass du mit einer guten Auslage und einem eindrucksvollen Namen f\u00fcr deinen Handel oder deine Dienstleistungen Aufmerksamkeit erregst. Da viele potenzielle Kunden das Auto oder das Fahrrad nutzen, um innerhalb der Stadt voranzukommen, ist es wichtig, dass du Blicke auf dein Ladengesch\u00e4ft lenkst, die eher zuf\u00e4llig vorbei schwenken. Du kannst dich in unserer hektischen Zeit nicht mehr darauf verlassen, dass Kunden viel Zeit mitbringen und sich in Ruhe jede Auslage anschauen. Dazu ist das Angebot zu gro\u00df und die Konkurrenz aus dem Netz zu gro\u00df. Im Internet ist alles auf einen Klick verf\u00fcgbar. Neben einer guten Beratung musst du Werbema\u00dfnahmen f\u00fcr dich entdecken, die einen potenziellen Kunden interessieren und die Aufmerksamkeit erregen. Eine effektive Schaufensterbeschriftung ist eine solche Ma\u00dfnahme. Bunte Schriftfarben und gro\u00dfe Letter sind weithin sichtbar. Wenn es dir gelingt, die Inhalte der Schaufensterbeschriftung kurz und knapp auf deine Inhalte abzustimmen und gleichzeitig mit deinen Ideen zu begeistern, wirst du auch den einen oder anderen vorbeieilenden Kunden f\u00fcr dich gewinnen.<\/p>\n\n\n\n<hr class=\"wp-block-separator\"\/>\n\n\n\n<h2 class=\"wp-block-heading\">Gedruckte Schaufensteraufkleber f\u00fcr Au\u00dfen&nbsp; <a href=\"https:\/\/www.folien-arbeiter.de\/Aufkleber\/Digitaldruck-Aufkleber\/Aufkleber-rechteckig-60x40-bis-600x400-mm::2900.html\">JETZT BESTELLEN<\/a><\/h2>\n\n\n\n<hr class=\"wp-block-separator\"\/>\n\n\n\n<h3 class=\"wp-block-heading\">Planung der Schaufensterbeschriftung bis ins Detail<\/h3>\n\n\n\n<p>F\u00fcr deine Schaufensterbeschriftung hast du in der Regel nur einen begrenzten Platz zur Verf\u00fcgung. Achte darauf, dass die Schrift auf den mittleren Bereich deines Schaufensters konzentriert ist und dass sie quasi auf einen Blick erfasst werden kann. Dies ist sehr wichtig, denn der Kunde oder Interessent m\u00f6chte nicht lange vor deinem Laden stehen und lesen, was du zu bieten hast. Der erste Blick ist entscheidend f\u00fcr den Erfolg oder Misserfolg deiner Schaufensterbeschriftung.<\/p>\n\n\n\n<h3 class=\"wp-block-heading\">Die Wahl der passenden Farbe<\/h3>\n\n\n\n<p>W\u00e4hle eine Farbe f\u00fcr die einzelnen Letter, die auffallend ist, aber die auch zu deinem Angebot passt. Schreiend bunte Buchstaben erregen viel Aufmerksamkeit, vor allem dann, wenn sie im k\u00fcnstlichen Licht der Stra\u00dfenlampe oder in der Sonne leuchten. Es gibt aber Branchen, zu denen eine bunte Schrift einfach nicht passt. Schwarz, Grau und Wei\u00df sind Farben, die eine hohe Neutralit\u00e4t haben und in nahezu allen Branchen eingesetzt werden k\u00f6nnen. Kombiniere sie miteinander und errege auf diese Weise Aufmerksamkeit. Wenn dein Unternehmen bereits eine bestimmte Farbe im Logo oder im Firmennamen hat, ist es empfehlenswert, wenn du diese Farbe auch f\u00fcr deine Schaufensterbeschriftung w\u00e4hlst, um eine einheitliche Corporate Identity und damit einen hohen Wiedererkennungswert zu schaffen.<\/p>\n\n\n\n<h3 class=\"wp-block-heading\">Die Schriftgr\u00f6\u00dfe auf das Schaufenster anpassen<\/h3>\n\n\n\n<p>Die Letter, die dir f\u00fcr eine ansprechende Schaufensterbeschriftung zur Verf\u00fcgung stehen, sind in verschiedenen Gr\u00f6\u00dfen erh\u00e4ltlich. Entscheide dich jedoch nicht automatisch f\u00fcr die gr\u00f6\u00dftm\u00f6gliche Schrift, sondern passe diese gezielt an die Gr\u00f6\u00dfe deines Schaufensters an. Achte darauf, dass der Blick in das Ladengesch\u00e4ft und die Auslage nicht von der Schaufensterbeschriftung verdeckt werden. Dies w\u00fcrde \u00fcberladen wirken und keinen guten Eindruck hinterlassen. Rings um die Schaufensterbeschriftung sollte immer ein gr\u00f6\u00dferer Bereich frei bleiben, damit es nicht so gedrungen wirkt.<\/p>\n\n\n\n<h3 class=\"wp-block-heading\">Inhalte klar definieren<\/h3>\n\n\n\n<p>Die Inhalte, die du f\u00fcr deine Schaufensterbeschriftung w\u00e4hlst, sollten immer kurz und knapp gehalten werden. Pr\u00e4sentiere ein besonderes Angebot oder verweise auf deinen Onlineshop. Auch eine Telefonnummer ist eine gute Idee, vor allem dann, wenn Kunden w\u00e4hrend der Schlie\u00dfzeit auf dein Ladengesch\u00e4ft aufmerksam werden und Interesse an deinen Produkten und Dienstleistungen haben.<\/p>\n","protected":false},"excerpt":{"rendered":"<p>Die Planung: mit Zollstock Bleistift und Block&nbsp; ran ans Werk Wie plane ich eine Schaufensterbeschriftung Variante I Do-it-yourself (DIY) mach<\/p>\n","protected":false},"author":51,"featured_media":12583,"comment_status":"closed","ping_status":"open","sticky":false,"template":"","format":"standard","meta":{"footnotes":"","rank_math_title":"","rank_math_description":"","rank_math_focus_keyword":"Schaufensterbeschriftung","rank_math_canonical_url":"","rank_math_facebook_title":"","rank_math_facebook_description":"","rank_math_twitter_title":"","rank_math_twitter_description":"","rank_math_robots":["index"]},"categories":[6],"tags":[],"class_list":["post-12580","post","type-post","status-publish","format-standard","has-post-thumbnail","hentry","category-schaufensterbeschriftung"],"_links":{"self":[{"href":"https:\/\/www.folien-arbeiter.de\/blog\/wp-json\/wp\/v2\/posts\/12580","targetHints":{"allow":["GET"]}}],"collection":[{"href":"https:\/\/www.folien-arbeiter.de\/blog\/wp-json\/wp\/v2\/posts"}],"about":[{"href":"https:\/\/www.folien-arbeiter.de\/blog\/wp-json\/wp\/v2\/types\/post"}],"author":[{"embeddable":true,"href":"https:\/\/www.folien-arbeiter.de\/blog\/wp-json\/wp\/v2\/users\/51"}],"replies":[{"embeddable":true,"href":"https:\/\/www.folien-arbeiter.de\/blog\/wp-json\/wp\/v2\/comments?post=12580"}],"version-history":[{"count":0,"href":"https:\/\/www.folien-arbeiter.de\/blog\/wp-json\/wp\/v2\/posts\/12580\/revisions"}],"wp:featuredmedia":[{"embeddable":true,"href":"https:\/\/www.folien-arbeiter.de\/blog\/wp-json\/wp\/v2\/media\/12583"}],"wp:attachment":[{"href":"https:\/\/www.folien-arbeiter.de\/blog\/wp-json\/wp\/v2\/media?parent=12580"}],"wp:term":[{"taxonomy":"category","embeddable":true,"href":"https:\/\/www.folien-arbeiter.de\/blog\/wp-json\/wp\/v2\/categories?post=12580"},{"taxonomy":"post_tag","embeddable":true,"href":"https:\/\/www.folien-arbeiter.de\/blog\/wp-json\/wp\/v2\/tags?post=12580"}],"curies":[{"name":"wp","href":"https:\/\/api.w.org\/{rel}","templated":true}]}}